{"id":21176,"date":"2018-10-11T18:00:04","date_gmt":"2018-10-11T21:00:04","guid":{"rendered":"https:\/\/www.cvc.com.br\/dicas-de-viagem\/?p=21176"},"modified":"2018-10-11T20:34:49","modified_gmt":"2018-10-11T23:34:49","slug":"oktoberfest","status":"publish","type":"post","link":"https:\/\/www.cvc.com.br\/dicas-de-viagem\/inspiracoes\/centros-urbanos\/oktoberfest\/","title":{"rendered":"Venha para a Oktoberfest 2018"},"content":{"rendered":"<p><span style=\"font-weight: 400;\">Inspirada na grande festa de Munique na Alemanha, a <strong>Oktoberfest brasileira em Blumenau<\/strong> recebe por ano mais de 500 mil pessoas em todos os dias de evento. Trata-se da\u00a0maior festa alem\u00e3 das Am\u00e9ricas!<\/span><\/p>\n<p><span style=\"font-weight: 400;\">Como funciona? Todos os pavilh\u00f5es s\u00e3o decorados com as cores alem\u00e3s e oferecem m\u00fasica t\u00edpica, gastronomia regional alem\u00e3 e, claro, as <strong>melhores<\/strong> <strong>cervejas<\/strong>!<\/span><\/p>\n<p><span style=\"font-weight: 400;\"><img loading=\"lazy\" class=\"size-full wp-image-21179 aligncenter\" src=\"https:\/\/www.cvc.com.br\/dicas-de-viagem\/wp-content\/uploads\/2018\/07\/IMG_3088-e1532701905283.jpg\" alt=\"\" width=\"500\" height=\"333\" \/><\/span><\/p>\n<p><span style=\"font-weight: 400;\">Este ano a <strong>Oktoberfest<\/strong> acontece entre os dias 3 e 20 de outubro. Ainda d\u00e1 tempo de programar essa viagem! Aproveite a festa e conhe\u00e7a alguns dos pontos tur\u00edsticos de Blumenau, como a pra\u00e7a\u00a0Biergarten &#8211; o Jardim da Cerveja. <\/span><\/p>\n<p><span style=\"font-weight: 400;\">A CVC tem pacotes tur\u00edsticos com pre\u00e7os especiais focados no grande festival\u00a0e com outros passeios inclusos. \u00c9 uma boa oportunidade de visitar cidades vizinhas repletas de cervejarias artesanais, as praias de Balne\u00e1rio Cambori\u00fa ou at\u00e9 fazer um passeio no Beto Carreiro World, em Penha, para que a viagem seja inesquec\u00edvel para adultos e crian\u00e7as.\u00a0<\/span><\/p>\n<p><img loading=\"lazy\" class=\"size-full wp-image-21184 aligncenter\" src=\"https:\/\/www.cvc.com.br\/dicas-de-viagem\/wp-content\/uploads\/2018\/07\/oktoberfest-138936281.jpg\" alt=\"\" width=\"500\" height=\"450\" srcset=\"https:\/\/www.cvc.com.br\/dicas-de-viagem\/wp-content\/uploads\/2018\/07\/oktoberfest-138936281.jpg 500w, https:\/\/www.cvc.com.br\/dicas-de-viagem\/wp-content\/uploads\/2018\/07\/oktoberfest-138936281-300x270.jpg 300w\" sizes=\"(max-width: 500px) 100vw, 500px\" \/><\/p>\n<h4><strong>A CVC te leva:<\/strong><\/h4>\n<div class=\"cs-element cstheme-pricing cstheme-shortcode\">\n<div class=\"cstheme-pricing-list row\">\n<div class=\"pricing-column mb50 featured col-md-6\">\n<div class=\"pricing-box\">\n<div class=\"pricing-header\">\n<p><img src=\"https:\/\/www.cvc.com.br\/dicas-de-viagem\/wp-content\/uploads\/2018\/07\/blumenau.jpg\" alt=\"\" width=\"100%\" \/><\/p>\n<h3>Oktoberfest em Blumenau<\/h3>\n<p>A partir de<\/p>\n<\/div>\n<div class=\"pricing-top\">\n<h4 class=\"theme_color\">R$858<\/h4>\n<h5 class=\"theme_color\">em at\u00e9 12x s\/ juros<\/h5>\n<\/div>\n<ul class=\"pricing-feature\">\n<li>Rodovi\u00e1rio<\/li>\n<li>Hospedagem<\/li>\n<li>Ingressos Oktoberfest<\/li>\n<\/ul>\n<div class=\"pricing-footer\"><a class=\"price_btn bg_primary\" href=\"https:\/\/www.cvc.com.br\/pacotes-turisticos\/detalhes?baseDestination=304583&amp;departureLocation=9626&amp;destinationLocation=150&amp;national=true&amp;month=0&amp;date=2018-10-11\">Ver detalhes<\/a><\/div>\n<\/div>\n<\/div>\n<div class=\"pricing-column mb50 featured col-md-6\">\n<div class=\"pricing-box\">\n<div class=\"pricing-header\">\n<p><img src=\"https:\/\/www.cvc.com.br\/dicas-de-viagem\/wp-content\/uploads\/2018\/10\/oktoberfest-304583.jpg\" alt=\"\" width=\"100%\" \/><\/p>\n<h3>Oktoberfest &#8211; 4 dias \/ 2 di\u00e1rias<\/h3>\n<p>A partir de<\/p>\n<\/div>\n<div class=\"pricing-top\">\n<h4 class=\"theme_color\">R$740<\/h4>\n<h5 class=\"theme_color\">em at\u00e9 12x s\/ juros<\/h5>\n<\/div>\n<ul class=\"pricing-feature\">\n<li>Rodovi\u00e1rio<\/li>\n<li>Hospedagem<\/li>\n<li>Passeios + ingressos<\/li>\n<\/ul>\n<div class=\"pricing-footer\"><a class=\"price_btn bg_primary\" href=\"https:\/\/www.cvc.com.br\/pacotes-turisticos\/detalhes?baseDestination=304583&amp;date=2018-10-18&amp;departureLocation=9626&amp;destinationLocation=150&amp;month=0&amp;national=true?orig=oktoberfest_ns\">Ver detalhes<\/a><\/div>\n<\/div>\n<\/div>\n<\/div>\n<p><em>*Ofertas sujeitas \u00e0 disponibilidade e altera\u00e7\u00e3o.\u00a0<\/em><\/p>\n<p>**<em>Post publicado originalmente em 01\/10\/2018.<\/em><\/p>\n<\/div>\n","protected":false},"excerpt":{"rendered":"<p>Inspirada na grande festa de Munique na Alemanha, a Oktoberfest brasileira em Blumenau recebe por ano mais de 500 mil pessoas em todos os dias de evento. Trata-se da\u00a0maior festa alem\u00e3 das Am\u00e9ricas! Como funciona? Todos os pavilh\u00f5es s\u00e3o decorados com as cores alem\u00e3s e oferecem m\u00fasica t\u00edpica, gastronomia regional alem\u00e3 e, claro, as melhores [&hellip;]<\/p>\n","protected":false},"author":5,"featured_media":21181,"comment_status":"open","ping_status":"open","sticky":false,"template":"","format":"standard","meta":{"om_disable_all_campaigns":false,"_mi_skip_tracking":false,"_monsterinsights_sitenote_active":false,"_monsterinsights_sitenote_note":"","_monsterinsights_sitenote_category":0},"categories":[14],"tags":[140,136,256,271,320,243],"_links":{"self":[{"href":"https:\/\/www.cvc.com.br\/dicas-de-viagem\/wp-json\/wp\/v2\/posts\/21176"}],"collection":[{"href":"https:\/\/www.cvc.com.br\/dicas-de-viagem\/wp-json\/wp\/v2\/posts"}],"about":[{"href":"https:\/\/www.cvc.com.br\/dicas-de-viagem\/wp-json\/wp\/v2\/types\/post"}],"author":[{"embeddable":true,"href":"https:\/\/www.cvc.com.br\/dicas-de-viagem\/wp-json\/wp\/v2\/users\/5"}],"replies":[{"embeddable":true,"href":"https:\/\/www.cvc.com.br\/dicas-de-viagem\/wp-json\/wp\/v2\/comments?post=21176"}],"version-history":[{"count":8,"href":"https:\/\/www.cvc.com.br\/dicas-de-viagem\/wp-json\/wp\/v2\/posts\/21176\/revisions"}],"predecessor-version":[{"id":22794,"href":"https:\/\/www.cvc.com.br\/dicas-de-viagem\/wp-json\/wp\/v2\/posts\/21176\/revisions\/22794"}],"wp:featuredmedia":[{"embeddable":true,"href":"https:\/\/www.cvc.com.br\/dicas-de-viagem\/wp-json\/wp\/v2\/media\/21181"}],"wp:attachment":[{"href":"https:\/\/www.cvc.com.br\/dicas-de-viagem\/wp-json\/wp\/v2\/media?parent=21176"}],"wp:term":[{"taxonomy":"category","embeddable":true,"href":"https:\/\/www.cvc.com.br\/dicas-de-viagem\/wp-json\/wp\/v2\/categories?post=21176"},{"taxonomy":"post_tag","embeddable":true,"href":"https:\/\/www.cvc.com.br\/dicas-de-viagem\/wp-json\/wp\/v2\/tags?post=21176"}],"curies":[{"name":"wp","href":"https:\/\/api.w.org\/{rel}","templated":true}]}}