{"id":21953,"date":"2018-08-23T09:30:58","date_gmt":"2018-08-23T12:30:58","guid":{"rendered":"https:\/\/www.cvc.com.br\/dicas-de-viagem\/?p=21953"},"modified":"2018-08-24T11:24:08","modified_gmt":"2018-08-24T14:24:08","slug":"outono-na-europa","status":"publish","type":"post","link":"https:\/\/www.cvc.com.br\/dicas-de-viagem\/inspiracoes\/centros-urbanos\/outono-na-europa\/","title":{"rendered":"Outono na Europa"},"content":{"rendered":"<p><span style=\"font-weight: 400;\">O ver\u00e3o europeu \u00e9 \u00f3timo e bem famoso, mas voc\u00ea j\u00e1 pensou em fazer diferente e passar uma temporada de outono na Europa? O per\u00edodo favorece especialmente os passeios ao ar livre porque a temperatura \u00e9 fresca. Nessa \u00e9poca, o p\u00f4r do sol fica mais alaranjado e c\u00e9u mais limpo e azul a cada dia.<\/span><\/p>\n<p><span style=\"font-weight: 400;\">Amsterd\u00e3, por exemplo, \u00e9 muito famosa por seus campos floridos da primavera e \u00e9 bem comum vermos fotos da regi\u00e3o com a decora\u00e7\u00e3o natural multicolorida dos v\u00e1rios jardins de flores. Por\u00e9m, no outono a cidade \u00e9 t\u00e3o charmosa o quanto. <\/span><\/p>\n<p><img loading=\"lazy\" class=\"aligncenter wp-image-21955 size-full\" src=\"https:\/\/www.cvc.com.br\/dicas-de-viagem\/wp-content\/uploads\/2018\/08\/shutterstock_511386691.jpg\" alt=\"Amsterdam no Outono\" width=\"800\" height=\"592\" srcset=\"https:\/\/www.cvc.com.br\/dicas-de-viagem\/wp-content\/uploads\/2018\/08\/shutterstock_511386691.jpg 800w, https:\/\/www.cvc.com.br\/dicas-de-viagem\/wp-content\/uploads\/2018\/08\/shutterstock_511386691-300x222.jpg 300w, https:\/\/www.cvc.com.br\/dicas-de-viagem\/wp-content\/uploads\/2018\/08\/shutterstock_511386691-768x568.jpg 768w\" sizes=\"(max-width: 800px) 100vw, 800px\" \/><\/p>\n<p><span style=\"font-weight: 400;\">Paris \u00e9 outra cidade incr\u00edvel de se visitar no outono. As largas cal\u00e7adas, \u00e1rvores altas e ventos leves dar\u00e3o o tom de sua viagem parisiense. O per\u00edodo \u00e9 perfeito para se sentar para um piquenique com a fam\u00edlia \u00e0 beira da Torre Eiffel ou at\u00e9 mesmo fazer um jantar rom\u00e2ntico em um dos bistr\u00f4s com mesas nas cal\u00e7adas.<\/span><\/p>\n<p><span style=\"font-weight: 400;\">Durante a esta\u00e7\u00e3o os parques encantam os turistas com suas cores que mais parecem pinturas em aquarela. Vale visitar o Jardin du Luxembourg, o Jardin des Tuileries, o Parc des Buttes-Chaumont e o Parc Monceau.<\/span><\/p>\n<p><img loading=\"lazy\" class=\"aligncenter wp-image-21956 size-full\" src=\"https:\/\/www.cvc.com.br\/dicas-de-viagem\/wp-content\/uploads\/2018\/08\/shutterstock_701443186.jpg\" alt=\"\" width=\"800\" height=\"580\" srcset=\"https:\/\/www.cvc.com.br\/dicas-de-viagem\/wp-content\/uploads\/2018\/08\/shutterstock_701443186.jpg 800w, https:\/\/www.cvc.com.br\/dicas-de-viagem\/wp-content\/uploads\/2018\/08\/shutterstock_701443186-300x218.jpg 300w, https:\/\/www.cvc.com.br\/dicas-de-viagem\/wp-content\/uploads\/2018\/08\/shutterstock_701443186-768x557.jpg 768w\" sizes=\"(max-width: 800px) 100vw, 800px\" \/><\/p>\n<p><span style=\"font-weight: 400;\">Para aproveitar o melhor do outono em Paris, visite a cidade entre o 22 de setembro e 21 de dezembro. No per\u00edodo as temperaturas caem e ficam em torno dos 15\u00ba C. N\u00e3o se esque\u00e7a de levar blusas de frio grossas e os trench coats, tamb\u00e9m conhecidos como sobretudos. Como os ventos s\u00e3o constantes, investir em len\u00e7os e echarpes \u00e9 uma dica de ouro que, al\u00e9m de proteger dos ventos, vai te dar todo aquele charme da moda de Paris. Tr\u00e9s\u2019 chic!<\/span><\/p>\n<p><img loading=\"lazy\" class=\"alignleft wp-image-21957\" src=\"https:\/\/www.cvc.com.br\/dicas-de-viagem\/wp-content\/uploads\/2018\/08\/shutterstock_86200729-300x193.jpg\" alt=\"\" width=\"468\" height=\"301\" srcset=\"https:\/\/www.cvc.com.br\/dicas-de-viagem\/wp-content\/uploads\/2018\/08\/shutterstock_86200729-300x193.jpg 300w, https:\/\/www.cvc.com.br\/dicas-de-viagem\/wp-content\/uploads\/2018\/08\/shutterstock_86200729-768x494.jpg 768w, https:\/\/www.cvc.com.br\/dicas-de-viagem\/wp-content\/uploads\/2018\/08\/shutterstock_86200729.jpg 800w\" sizes=\"(max-width: 468px) 100vw, 468px\" \/><\/p>\n<p><span style=\"font-weight: 400;\">Uma outra vantagem de conhecer a Europa no outono \u00e9 que este \u00e9 o per\u00edodo em que as aulas nas cidades retornam e a quantidade de turistas diminui. Os lugares ficam mais vazios e as atra\u00e7\u00f5es com menos filas, rendendo muito mais. Ah, o pre\u00e7o das di\u00e1rias dos hot\u00e9is tamb\u00e9m diminuem, ou seja, d\u00e1 at\u00e9 para ficar alguns dias a mais!<\/span><\/p>\n<p><span style=\"font-weight: 400;\">Aproveite os dias longos para conhecer os museus da cidade, o famoso Louvre e veja tamb\u00e9m o festival anual de instala\u00e7\u00f5es art\u00edsticas, Nuit Blanche, uma experi\u00eancia \u00fanica que acontece apenas em outubro. Para encerrar o dia, escolha um dos diversos bares, caf\u00e9s e restaurantes que ficam em terra\u00e7os e oferecem vistas incr\u00edveis da cidade. \u00d3timo para descansar e ver Paris de cima. Esse momento pode ser acompanhado de um chocolate quente, caf\u00e9 ou at\u00e9 mesmo um vinho franc\u00eas para aquecer.<\/span><\/p>\n<p><span style=\"font-weight: 400;\">Falta menos de um m\u00eas para o outono come\u00e7ar por l\u00e1, ent\u00e3o se adiante e planeje agora seu pacote de viagens com a fam\u00edlia ou seu amor para a Europa. Temos condi\u00e7\u00f5es especiais de hot\u00e9is pela CVC. Confira um deles!<\/span><\/p>\n<h3><strong>Dicas de Hoteis<\/strong><\/h3>\n<div class=\"cs-element cstheme-pricing cstheme-shortcode\">\n<div class=\"cstheme-pricing-list row\">\n<div class=\"pricing-column mb50 featured col-md-6\">\n<div class=\"pricing-box\">\n<div class=\"pricing-header\">\n<p><img src=\"https:\/\/www.cvc.com.br\/dicas-de-viagem\/wp-content\/uploads\/2018\/08\/hotel-paris.jpg\" alt=\"\" width=\"100%\" \/><\/p>\n<h3>Hotel Fertel Etoile<\/h3>\n<p>Di\u00e1rias a partir de<\/p>\n<\/div>\n<div class=\"pricing-top\">\n<h4 class=\"theme_color\">R$647<\/h4>\n<\/div>\n<ul class=\"pricing-feature\">\n<li>Aceita Animais<\/li>\n<li>Caf\u00e9 da Manh\u00e3<\/li>\n<li>Wi-fi<\/li>\n<\/ul>\n<div class=\"pricing-footer\"><a class=\"price_btn bg_primary\" href=\"https:\/\/www.cvc.com.br\/hoteis\/paris\/hotel-fertel-etoile-45844420?checkIn=05-11-2018&amp;checkOut=08-11-2018&amp;rooms=1&amp;ages=30%2C30&amp;adults=2&amp;children=&amp;childAges=&amp;locationId=33830&amp;location=Paris%20-%20%C3%8Ele-de-France%20%2C%20Fran%C3%A7a&amp;packageGroup=STANDALONE%2CVHI&amp;amenities=&amp;awards=&amp;benefits=&amp;lodging=&amp;mealPlan=&amp;name=fertel&amp;guid=4b1eb5de-e917-c864-1eb7-ef7eb118f6a6&amp;pageNumber=1&amp;hotelFiltered=1&amp;isMapView=false&amp;minPrice=271.51&amp;maxPrice=5534.8&quot;\">ver detalhes<\/a><\/div>\n<\/div>\n<\/div>\n<\/div>\n<\/div>\n","protected":false},"excerpt":{"rendered":"<p>O ver\u00e3o europeu \u00e9 \u00f3timo e bem famoso, mas voc\u00ea j\u00e1 pensou em fazer diferente e passar uma temporada de outono na Europa? O per\u00edodo favorece especialmente os passeios ao ar livre porque a temperatura \u00e9 fresca. Nessa \u00e9poca, o p\u00f4r do sol fica mais alaranjado e c\u00e9u mais limpo e azul a cada dia. [&hellip;]<\/p>\n","protected":false},"author":8,"featured_media":21954,"comment_status":"open","ping_status":"open","sticky":false,"template":"","format":"standard","meta":{"om_disable_all_campaigns":false,"_mi_skip_tracking":false,"_monsterinsights_sitenote_active":false,"_monsterinsights_sitenote_note":"","_monsterinsights_sitenote_category":0},"categories":[14],"tags":[329,832,140,221,570,833,168,834,679],"_links":{"self":[{"href":"https:\/\/www.cvc.com.br\/dicas-de-viagem\/wp-json\/wp\/v2\/posts\/21953"}],"collection":[{"href":"https:\/\/www.cvc.com.br\/dicas-de-viagem\/wp-json\/wp\/v2\/posts"}],"about":[{"href":"https:\/\/www.cvc.com.br\/dicas-de-viagem\/wp-json\/wp\/v2\/types\/post"}],"author":[{"embeddable":true,"href":"https:\/\/www.cvc.com.br\/dicas-de-viagem\/wp-json\/wp\/v2\/users\/8"}],"replies":[{"embeddable":true,"href":"https:\/\/www.cvc.com.br\/dicas-de-viagem\/wp-json\/wp\/v2\/comments?post=21953"}],"version-history":[{"count":6,"href":"https:\/\/www.cvc.com.br\/dicas-de-viagem\/wp-json\/wp\/v2\/posts\/21953\/revisions"}],"predecessor-version":[{"id":22000,"href":"https:\/\/www.cvc.com.br\/dicas-de-viagem\/wp-json\/wp\/v2\/posts\/21953\/revisions\/22000"}],"wp:featuredmedia":[{"embeddable":true,"href":"https:\/\/www.cvc.com.br\/dicas-de-viagem\/wp-json\/wp\/v2\/media\/21954"}],"wp:attachment":[{"href":"https:\/\/www.cvc.com.br\/dicas-de-viagem\/wp-json\/wp\/v2\/media?parent=21953"}],"wp:term":[{"taxonomy":"category","embeddable":true,"href":"https:\/\/www.cvc.com.br\/dicas-de-viagem\/wp-json\/wp\/v2\/categories?post=21953"},{"taxonomy":"post_tag","embeddable":true,"href":"https:\/\/www.cvc.com.br\/dicas-de-viagem\/wp-json\/wp\/v2\/tags?post=21953"}],"curies":[{"name":"wp","href":"https:\/\/api.w.org\/{rel}","templated":true}]}}