{"id":36598,"date":"2021-12-05T09:00:00","date_gmt":"2021-12-05T12:00:00","guid":{"rendered":"https:\/\/www.cvc.com.br\/dicas-de-viagem\/?p=36598"},"modified":"2021-12-06T17:19:49","modified_gmt":"2021-12-06T20:19:49","slug":"joao-pessoa-natal-dos-sentimentos","status":"publish","type":"post","link":"https:\/\/www.cvc.com.br\/dicas-de-viagem\/fica-a-dica\/joao-pessoa-natal-dos-sentimentos\/","title":{"rendered":"Jo\u00e3o Pessoa: Natal dos Sentimentos"},"content":{"rendered":"\n<p>Voc\u00ea \u00e9 uma daquelas pessoas que amam visitar locais decorados para as festas de fim de ano? Jo\u00e3o Pessoa, na Para\u00edba, j\u00e1 \u00e9 um destino maravilhoso cheio de encantos e beleza natural. Neste ano, o Natal dos Sentimentos deixa a cidade ainda mais charmosa. Vai reunir amor, esperan\u00e7a, alegria e muita decora\u00e7\u00e3o linda pra curtir o fim de ano com toda a fam\u00edlia. Confira abaixo algumas atra\u00e7\u00f5es e caracter\u00edsticas:<\/p>\n\n\n\n<h2><strong>Datas do Natal dos Sentimentos<\/strong><\/h2>\n\n\n\n<p>Em Jo\u00e3o Pessoa, o natal vai durar 24 dias! Dos dias 03 \u00e0 26 de dezembro de 2021, voc\u00ea vai ver a cidade de uma forma ainda mais bonita e encantadora. Repleta de eventos como corridas e passeios de bicicleta.<\/p>\n\n\n\n<h2><strong>Polos pra voc\u00ea visitar<\/strong><\/h2>\n\n\n\n<p>A festa ser\u00e1 dividida em tr\u00eas polos, interligados por vias decoradas, cada um tem suas atra\u00e7\u00f5es principais, contam com \u00e1reas de higiene e alguns tamb\u00e9m possui espa\u00e7o pra alimenta\u00e7\u00e3o:<\/p>\n\n\n\n<h3><strong>Polo do Amor<\/strong><\/h3>\n\n\n\n<p>Localizado no Largo do Tamba\u00fa, o espa\u00e7o vai contar uma entrada decorada, tren\u00f3 do papai noel, uma \u00e1rvore incr\u00edvel, feirinha de artesanato e muita ilumina\u00e7\u00e3o e bolas de decora\u00e7\u00e3o perfeita pra voc\u00ea tirar fotos maravilhosas.<\/p>\n\n\n\n<h3><strong>Polo da Esperan\u00e7a<\/strong><\/h3>\n\n\n\n<p>Localizado na Pra\u00e7a da Independ\u00eancia, o ambiente vai contar com um food park repleto de comidas deliciosas, al\u00e9m de apresenta\u00e7\u00f5es culturais, drive-thru para doa\u00e7\u00f5es de brinquedos e alimentos e espet\u00e1culos com proje\u00e7\u00e3o. O polo tamb\u00e9m ter\u00e1 sua pr\u00f3pria \u00e1rvore de natal e uma \u201cFloresta dos Sonhos\u201d com uma decora\u00e7\u00e3o encantadora.\u00a0<\/p>\n\n\n\n<h3><strong>Polo da Alegria<\/strong><\/h3>\n\n\n\n<p>Localizado no Parque Solon, este polo vai ser um local de divers\u00e3o garantida. Al\u00e9m de sua charmosa decora\u00e7\u00e3o, vai ganhar uma roda gigante de 40 metros, carrossel e diversas atividades pra brincar com toda a fam\u00edlia como bolas infl\u00e1veis, pedalinhos, trenzinho e carrinhos de tuk tuk. Por l\u00e1 tamb\u00e9m v\u00e3o acontecer apresenta\u00e7\u00f5es de bandas e grupos teatrais. E \u00e9 claro, sua pr\u00f3pria \u00e1rvore tamb\u00e9m estar\u00e1 decorada e linda, dessa vez, na lagoa do parque.<\/p>\n\n\n\n<p>Ficou com vontade de conhecer essa festa que vai encantar toda a fam\u00edlia? Veja em uma <a href=\"https:\/\/www.cvc.com.br\/venda-assistida\/lojas\">Loja CVC<\/a> qual a melhor op\u00e7\u00e3o pra voc\u00ea viver hist\u00f3rias pra vida toda.\u00a0<\/p>\n","protected":false},"excerpt":{"rendered":"<p>Voc\u00ea \u00e9 uma daquelas pessoas que amam visitar locais decorados para as festas de fim de ano? Jo\u00e3o Pessoa, na Para\u00edba, j\u00e1 \u00e9 um destino maravilhoso cheio de encantos e beleza natural. Neste ano, o Natal dos Sentimentos deixa a cidade ainda mais charmosa. Vai reunir amor, esperan\u00e7a, alegria e muita decora\u00e7\u00e3o linda pra curtir [&hellip;]<\/p>\n","protected":false},"author":16,"featured_media":36599,"comment_status":"closed","ping_status":"closed","sticky":false,"template":"","format":"standard","meta":{"om_disable_all_campaigns":false,"_mi_skip_tracking":false,"_monsterinsights_sitenote_active":false,"_monsterinsights_sitenote_note":"","_monsterinsights_sitenote_category":0},"categories":[21],"tags":[983,421,223,323,422,857],"_links":{"self":[{"href":"https:\/\/www.cvc.com.br\/dicas-de-viagem\/wp-json\/wp\/v2\/posts\/36598"}],"collection":[{"href":"https:\/\/www.cvc.com.br\/dicas-de-viagem\/wp-json\/wp\/v2\/posts"}],"about":[{"href":"https:\/\/www.cvc.com.br\/dicas-de-viagem\/wp-json\/wp\/v2\/types\/post"}],"author":[{"embeddable":true,"href":"https:\/\/www.cvc.com.br\/dicas-de-viagem\/wp-json\/wp\/v2\/users\/16"}],"replies":[{"embeddable":true,"href":"https:\/\/www.cvc.com.br\/dicas-de-viagem\/wp-json\/wp\/v2\/comments?post=36598"}],"version-history":[{"count":1,"href":"https:\/\/www.cvc.com.br\/dicas-de-viagem\/wp-json\/wp\/v2\/posts\/36598\/revisions"}],"predecessor-version":[{"id":36600,"href":"https:\/\/www.cvc.com.br\/dicas-de-viagem\/wp-json\/wp\/v2\/posts\/36598\/revisions\/36600"}],"wp:featuredmedia":[{"embeddable":true,"href":"https:\/\/www.cvc.com.br\/dicas-de-viagem\/wp-json\/wp\/v2\/media\/36599"}],"wp:attachment":[{"href":"https:\/\/www.cvc.com.br\/dicas-de-viagem\/wp-json\/wp\/v2\/media?parent=36598"}],"wp:term":[{"taxonomy":"category","embeddable":true,"href":"https:\/\/www.cvc.com.br\/dicas-de-viagem\/wp-json\/wp\/v2\/categories?post=36598"},{"taxonomy":"post_tag","embeddable":true,"href":"https:\/\/www.cvc.com.br\/dicas-de-viagem\/wp-json\/wp\/v2\/tags?post=36598"}],"curies":[{"name":"wp","href":"https:\/\/api.w.org\/{rel}","templated":true}]}}