{"id":37814,"date":"2026-07-13T16:21:21","date_gmt":"2026-07-13T19:21:21","guid":{"rendered":"https:\/\/www.cvc.com.br\/dicas-de-viagem\/?p=37814"},"modified":"2026-07-27T16:19:13","modified_gmt":"2026-07-27T19:19:13","slug":"13-de-julho-dia-do-rock","status":"publish","type":"post","link":"https:\/\/www.cvc.com.br\/dicas-de-viagem\/inspiracoes\/historia-e-cultura\/13-de-julho-dia-do-rock\/","title":{"rendered":"13 de Julho Dia do Rock: celebre no Rock in Rio 2026 com a CVC!"},"content":{"rendered":"\t\t<div data-elementor-type=\"wp-post\" data-elementor-id=\"37814\" class=\"elementor elementor-37814\">\n\t\t\t\t\t\t<div class=\"elementor-inner\">\n\t\t\t\t<div class=\"elementor-section-wrap\">\n\t\t\t\t\t\t\t\t\t<section class=\"elementor-section elementor-top-section elementor-element elementor-element-459a6610 elementor-section-boxed elementor-section-height-default elementor-section-height-default\" data-id=\"459a6610\" data-element_type=\"section\" data-settings=\"{&quot;jet_parallax_layout_list&quot;:[]}\">\n\t\t\t\t\t\t<div class=\"elementor-container elementor-column-gap-default\">\n\t\t\t\t\t\t\t<div class=\"elementor-row\">\n\t\t\t\t\t<div class=\"elementor-column elementor-col-100 elementor-top-column elementor-element elementor-element-308b05d4\" data-id=\"308b05d4\" data-element_type=\"column\">\n\t\t\t<div class=\"elementor-column-wrap elementor-element-populated\">\n\t\t\t\t\t\t\t<div class=\"elementor-widget-wrap\">\n\t\t\t\t\t\t<div class=\"elementor-element elementor-element-7d993aea elementor-widget elementor-widget-text-editor\" data-id=\"7d993aea\" data-element_type=\"widget\" data-widget_type=\"text-editor.default\">\n\t\t\t\t<div class=\"elementor-widget-container\">\n\t\t\t\t\t\t\t\t<div class=\"elementor-text-editor elementor-clearfix\">\n\t\t\t\t<p><!-- wp:paragraph --><\/p>\n<p>Voc\u00ea sabia que dia 13 de julho \u00e9 o Dia Mundial do Rock? A data foi criada para lembrar o gigante festival Live Aid, que aconteceu em Londres (Inglaterra) e na Filad\u00e9lfia (EUA) em 13 de julho de 1985, com o objetivo de angariar fundos para acabar com a fome na Eti\u00f3pia. Queen, U2, David Bowie, Elton John, Sting, Phil Collins, Madonna, Tina Turner, Dire Straits foram alguns dos mais de 70 artistas que se apresentaram no festival, um dos maiores j\u00e1 televisionados \u2013 cerca de 1,5 bilh\u00e3o de pessoas de 100 pa\u00edses diferentes assistiram.<\/p>\n<p><!-- \/wp:paragraph --><\/p>\n<p><!-- wp:paragraph --><\/p>\n<p>1985 tamb\u00e9m marca o ano em que nasceu, em terras cariocas, o maior festival de m\u00fasica e entretenimento do mundo: o Rock in Rio! Por isso, relembramos abaixo a hist\u00f3ria do Rock in Rio e os seus momentos mais marcantes e elencamos as atra\u00e7\u00f5es do<a href=\"https:\/\/www.cvc.com.br\/lp\/rock-in-rio\"><b> Rock in Rio<\/b><\/a> Brasil de 2026.<\/p>\n<p><!-- \/wp:paragraph --><\/p>\n<p><!-- wp:paragraph --><\/p>\n<p>A pr\u00f3xima edi\u00e7\u00e3o do festival, que acontece este ano nos dois primeiros fins de semana de setembro (dias 2, 3, 4, 8, 9, 10 e 11), trar\u00e1 grandes nomes da m\u00fasica nacional e internacional para a Cidade do Rock, na Barra da Tijuca, zona oeste do <a href=\"https:\/\/www.cvc.com.br\/passagens-aereas\/nacional\/rio-de-janeiro\"><b>Rio de Janeiro<\/b><\/a> (RJ).<\/p>\n<p><!-- \/wp:paragraph --><\/p>\n<p><!-- wp:paragraph --><\/p>\n<p>Parafraseando a atriz Christiane Torloni, com seu inesquec\u00edvel bord\u00e3o disparado na edi\u00e7\u00e3o de 2011 que virou hit na internet: hoje \u00e9 dia de rock, beb\u00ea!\u00a0<\/p>\n<p><!-- \/wp:paragraph --><\/p>\n<p><!-- wp:image {\"id\":37815,\"sizeSlug\":\"full\",\"linkDestination\":\"none\"} --><\/p>\n<figure class=\"wp-block-image size-full\"><img loading=\"lazy\" width=\"800\" height=\"530\" class=\"wp-image-37815\" src=\"https:\/\/www.cvc.com.br\/dicas-de-viagem\/wp-content\/uploads\/2022\/07\/atracoes-do-rock-in-rio.jpg\" alt=\"\" srcset=\"https:\/\/www.cvc.com.br\/dicas-de-viagem\/wp-content\/uploads\/2022\/07\/atracoes-do-rock-in-rio.jpg 800w, https:\/\/www.cvc.com.br\/dicas-de-viagem\/wp-content\/uploads\/2022\/07\/atracoes-do-rock-in-rio-300x199.jpg 300w, https:\/\/www.cvc.com.br\/dicas-de-viagem\/wp-content\/uploads\/2022\/07\/atracoes-do-rock-in-rio-768x509.jpg 768w, https:\/\/www.cvc.com.br\/dicas-de-viagem\/wp-content\/uploads\/2022\/07\/atracoes-do-rock-in-rio-600x398.jpg 600w\" sizes=\"(max-width: 800px) 100vw, 800px\" \/>\n<p>\u00a0<\/p>\n<figcaption>O Rock in Rio \u00e9 o maior festival de m\u00fasica e entretenimento do mundo<\/figcaption>\n<\/figure>\n<p><!-- \/wp:image --><\/p>\n<p><!-- wp:paragraph --><\/p>\n<p><a title=\"\" href=\"https:\/\/www.cvc.com.br\/lp\/promocoes\">Confira aqui alguns pacotes para o Rock in Rio da CVC, operadora e apoiadora oficial do Rock in Rio Brasil 2026!<\/a><\/p>\n<p><!-- \/wp:paragraph --><\/p>\n<p><!-- wp:paragraph --><\/p>\n<p><strong>Rock in Rio: um projeto surpreendente<\/strong><\/p>\n<p><!-- \/wp:paragraph --><\/p>\n<p><!-- wp:paragraph --><\/p>\n<p>Pai do Rock in Rio, o empres\u00e1rio Roberto Medina teve dificuldade a princ\u00edpio para emplacar o seu projeto de um megafestival de m\u00fasica no Rio de Janeiro. At\u00e9 ent\u00e3o, esses eventos \u00e0 la Glastonbury (enorme festival ingl\u00eas que acontece desde 1970) nunca haviam ocorrido na Am\u00e9rica Latina. Foi com o apoio de ningu\u00e9m menos que Frank Sinatra e de seu pai Abraham Medina que ele conseguiu aten\u00e7\u00e3o da m\u00eddia norte-americana para levantar fundos e atrair grandes artistas.<\/p>\n<p><!-- \/wp:paragraph --><\/p>\n<p><!-- wp:paragraph --><\/p>\n<p>O primeiro Rock in Rio aconteceu ent\u00e3o entre os dias 11 e 20 de janeiro de 1985 em uma \u00e1rea equivalente a 12 Maracan\u00e3s em Jacarepagu\u00e1, no Rio de Janeiro. A lama que foi se formando ao longo dos dias n\u00e3o impediu que o p\u00fablico de 1,38 milh\u00f5es de pessoas curtisse o som de estrelas internacionais (Iron Maiden, James Taylor, Ozzy Osbourne, Whitesnakes) e nacionais (Ney Matogrosso, Ivan Lins, Bar\u00e3o Vermelho) da \u00e9poca \u2013 que, no Brasil, era tomada pela esperan\u00e7a de um novo tempo, com a redemocratiza\u00e7\u00e3o.<\/p>\n<p><!-- \/wp:paragraph --><\/p>\n<p><!-- wp:image {\"align\":\"center\",\"id\":37816,\"sizeSlug\":\"full\",\"linkDestination\":\"none\"} --><\/p>\n<figure class=\"wp-block-image aligncenter size-full\"><img loading=\"lazy\" width=\"512\" height=\"341\" class=\"wp-image-37816\" src=\"https:\/\/www.cvc.com.br\/dicas-de-viagem\/wp-content\/uploads\/2022\/07\/atracoes-do-rock-in-rio-publico.jpg\" alt=\"\" srcset=\"https:\/\/www.cvc.com.br\/dicas-de-viagem\/wp-content\/uploads\/2022\/07\/atracoes-do-rock-in-rio-publico.jpg 512w, https:\/\/www.cvc.com.br\/dicas-de-viagem\/wp-content\/uploads\/2022\/07\/atracoes-do-rock-in-rio-publico-300x200.jpg 300w\" sizes=\"(max-width: 512px) 100vw, 512px\" \/>\n<p>\u00a0<\/p>\n<figcaption>A primeira edi\u00e7\u00e3o do Rock in Rio, em 1985, teve quase 1,4 milh\u00e3o de pessoas<\/figcaption>\n<\/figure>\n<p><!-- \/wp:image --><\/p>\n<p><!-- wp:paragraph --><\/p>\n<p><strong>Momentos mais marcantes<\/strong><\/p>\n<p><!-- \/wp:paragraph --><\/p>\n<p><!-- wp:paragraph --><\/p>\n<p>No primeiro Rock in Rio, todos cantando em un\u00edssono \u201cLove of my live\u201d com Freddie Mercury, do Queen, foi de arrepiar qualquer um \u2013 e, n\u00e3o \u00e0 toa, esse se tornou um dos momentos mais emblem\u00e1ticos do rock mundial. Em 2015, na comemora\u00e7\u00e3o dos 30 anos do festival, o guitarrista Bryan May e um p\u00fablico de 85 mil pessoas reviveram a cena com a imagem de Freddie no tel\u00e3o.\u00a0<\/p>\n<p><!-- \/wp:paragraph --><\/p>\n<p><!-- wp:paragraph --><\/p>\n<p>Mas a edi\u00e7\u00e3o de 1985 coleciona outros marcos importantes, como o primeiro show do Iron Maiden na Am\u00e9rica Latina e a saga da banda australiana AC\/DC em trazer de navio o sino de 1,5 mil kg que era tocado no come\u00e7o da m\u00fasica \u201cHell\u2019s Bell\u201d.<\/p>\n<p><!-- \/wp:paragraph --><\/p>\n<p><!-- wp:paragraph --><\/p>\n<p>Na segunda edi\u00e7\u00e3o, em 1991, os meninos do A-ha conseguiram o maior p\u00fablico pagante em um show at\u00e9 ent\u00e3o (198 mil pessoas) e Lob\u00e3o abandonou o palco depois de poucos minutos de show por causa das vaias e objetos arremessados contra ele.<\/p>\n<p><!-- \/wp:paragraph --><\/p>\n<p><!-- wp:paragraph --><\/p>\n<p>Na terceira, em 2001, teve desde performance de m\u00fasico completamente nu no palco \u2013 o guitarrista Nick Oliveri, do Queens of the Stone Age \u2013 at\u00e9 decep\u00e7\u00e3o quanto ao show de uma das artistas mais queridinhas da \u00e9poca \u2013 at\u00e9 hoje se especula se Britney Spears usou ou n\u00e3o playback em sua apresenta\u00e7\u00e3o.<\/p>\n<p><!-- \/wp:paragraph --><\/p>\n<p><!-- wp:paragraph --><\/p>\n<p><strong>Do Rio para o mundo<\/strong><\/p>\n<p><!-- \/wp:paragraph --><\/p>\n<p><!-- wp:paragraph --><\/p>\n<p>Depois de tr\u00eas bem-sucedidas edi\u00e7\u00f5es no Brasil, o Rock in Rio desembarcou em Portugal em 2004. Em terras lusitanas, a Cidade do Rock foi montada no Parque da Bela Vista, com 200 mil m\u00b2, teve participa\u00e7\u00e3o de Paul McCartney, Gilberto Gil, Foo Fighters, Evanescence, Black Eyes Peas, Alicia Keys, entre outros. O sucesso foi tanto que o Rock in Rio Lisboa passou a acontecer de dois em dois anos e comemorou em 2026 sua 9<sup>a<\/sup> edi\u00e7\u00e3o.<\/p>\n<p><!-- \/wp:paragraph --><\/p>\n<p><!-- wp:paragraph --><\/p>\n<p>Em 2008, foi a vez da Espanha receber o Rock in Rio Madri e, em 2015, aconteceu uma edi\u00e7\u00e3o do evento nos Estados Unidos, em comemora\u00e7\u00e3o aos 30 anos do festival. O Rock in Rio Las Vegas teve 64 atra\u00e7\u00f5es em quatro dias de line-up.<\/p>\n<p><!-- \/wp:paragraph --><\/p>\n<p><!-- wp:image {\"id\":37817,\"sizeSlug\":\"full\",\"linkDestination\":\"none\"} --><\/p>\n<figure class=\"wp-block-image size-full\"><img loading=\"lazy\" width=\"800\" height=\"533\" class=\"wp-image-37817\" src=\"https:\/\/www.cvc.com.br\/dicas-de-viagem\/wp-content\/uploads\/2022\/07\/atracoes-do-rock-in-rio-banda.jpg\" alt=\"\" srcset=\"https:\/\/www.cvc.com.br\/dicas-de-viagem\/wp-content\/uploads\/2022\/07\/atracoes-do-rock-in-rio-banda.jpg 800w, https:\/\/www.cvc.com.br\/dicas-de-viagem\/wp-content\/uploads\/2022\/07\/atracoes-do-rock-in-rio-banda-300x200.jpg 300w, https:\/\/www.cvc.com.br\/dicas-de-viagem\/wp-content\/uploads\/2022\/07\/atracoes-do-rock-in-rio-banda-768x512.jpg 768w, https:\/\/www.cvc.com.br\/dicas-de-viagem\/wp-content\/uploads\/2022\/07\/atracoes-do-rock-in-rio-banda-600x400.jpg 600w\" sizes=\"(max-width: 800px) 100vw, 800px\" \/>\n<p>\u00a0<\/p>\n<figcaption>Em terras internacionais, o Rock in Rio j\u00e1 aconteceu em Las Vegas e Madri. Tem tamb\u00e9m uma edi\u00e7\u00e3o em Lisboa a cada dois anos.<\/figcaption>\n<\/figure>\n<p><!-- \/wp:image --><\/p>\n<p><!-- wp:paragraph --><\/p>\n<p><strong>O que esperar do Rock in Rio 2026<\/strong><\/p>\n<p><!-- \/wp:paragraph --><\/p>\n<p><!-- wp:paragraph --><\/p>\n<p>\u00c9 no Palco Mundo que se apresentam as principais bandas e artistas, os <em>headliners<\/em> \u2013 em 2026, a presen\u00e7a dos artistas pop se consolida ainda mais no festival que antes focava somente no Rock. No Palco Sunset, surgido na edi\u00e7\u00e3o de Lisboa de 2008, a gra\u00e7a s\u00e3o os encontros musicais de artistas de diferentes estilos. A Cidade do Rock tem ainda outros diversos espa\u00e7os, como o Espa\u00e7o Favela, o New Dance Order e o Rock District, al\u00e9m de brinquedos como tirolesa, montanha-russa e roda-gigante.<\/p>\n<p><!-- \/wp:paragraph --><\/p>\n<p><!-- wp:paragraph --><\/p>\n<p>Veja abaixo os principais artistas dos dois palcos do Rock in Rio 2026:<\/p>\n<p><!-- \/wp:paragraph --><\/p>\n<p><!-- wp:paragraph --><\/p>\n<p><strong>2 de setembro, sexta-feira<\/strong><\/p>\n<p><!-- \/wp:paragraph --><\/p>\n<p><!-- wp:paragraph --><\/p>\n<p>Palco Mundo: Iron Maiden, Gojira, Dream Theater e Sepultura + Orquestra Sinf\u00f4nica Brasileira<\/p>\n<p><!-- \/wp:paragraph --><\/p>\n<p><!-- wp:paragraph --><\/p>\n<p>Palco Sunset: Bullet For My Valentine, Living Colour feat Steve Vai, Metal Allegiance e Black Pantera convida Devotos<\/p>\n<p><!-- \/wp:paragraph --><\/p>\n<p><!-- wp:paragraph --><\/p>\n<p><strong>3 de setembro, s\u00e1bado<\/strong><\/p>\n<p><!-- \/wp:paragraph --><\/p>\n<p><!-- wp:paragraph --><\/p>\n<p>Palco Mundo: Post Malone, Marshmello, Jason Derulo e Alok<\/p>\n<p><!-- \/wp:paragraph --><\/p>\n<p><!-- wp:paragraph --><\/p>\n<p>Palco Sunset: Racionais, Criolo convida Mayra Andrade, Xam\u00e3 convida Br\u00f4 MC&#8217;s, Papatinho + L7nnon convidam Mc Hariel e Mc Carol<\/p>\n<p><!-- \/wp:paragraph --><\/p>\n<p><!-- wp:paragraph --><\/p>\n<p><strong>4 de setembro, domingo<\/strong><\/p>\n<p><!-- \/wp:paragraph --><\/p>\n<p><!-- wp:paragraph --><\/p>\n<p>Palco Mundo: Justin Bieber, Demi Lovato, Migos e Iza<\/p>\n<p><!-- \/wp:paragraph --><\/p>\n<p><!-- wp:paragraph --><\/p>\n<p>Palco Sunset: Gilberto Gil, Emicida &amp; Convidados, Lu\u00edsa Sonza convida Marina Sena e Matu\u00ea<\/p>\n<p><!-- \/wp:paragraph --><\/p>\n<p><!-- wp:paragraph --><\/p>\n<p><strong>8 de setembro, quinta-feira<\/strong><\/p>\n<p><!-- \/wp:paragraph --><\/p>\n<p><!-- wp:paragraph --><\/p>\n<p>Palco Mundo: Guns n&#8217; Roses, M\u00e5neskin, The Offspring e CPM22<\/p>\n<p><!-- \/wp:paragraph --><\/p>\n<p><!-- wp:paragraph --><\/p>\n<p>Palco Sunset: Jessie J, Corrine Bailey Rae, Gloria Groove e Duda Beat<\/p>\n<p><!-- \/wp:paragraph --><\/p>\n<p><!-- wp:paragraph --><\/p>\n<p><strong>9 de setembro, sexta-feira<\/strong><\/p>\n<p><!-- \/wp:paragraph --><\/p>\n<p><!-- wp:paragraph --><\/p>\n<p>Palco Mundo: Green Day, Fall Out Boy, Billy Idol e Capital Inicial<\/p>\n<p><!-- \/wp:paragraph --><\/p>\n<p><!-- wp:paragraph --><\/p>\n<p>Palco Sunset: Avril Lavigne, 1985: A Homenagem, J\u00e3o &amp; Convidado, Di Ferrero &amp; Vitor Kley<\/p>\n<p><!-- \/wp:paragraph --><\/p>\n<p><!-- wp:paragraph --><\/p>\n<p><strong>10 de setembro, s\u00e1bado<\/strong><\/p>\n<p><!-- \/wp:paragraph --><\/p>\n<p><!-- wp:paragraph --><\/p>\n<p>Palco Mundo: Coldplay, Camila Cabello, Bastille e Djavan<\/p>\n<p><!-- \/wp:paragraph --><\/p>\n<p><!-- wp:paragraph --><\/p>\n<p>Palco Sunset: Ceelo Green, Maria Rita &amp; Convidado, Gilsons &amp; Convidado, Bala Desejo &amp; Convidado<\/p>\n<p><!-- \/wp:paragraph --><\/p>\n<p><!-- wp:paragraph --><\/p>\n<p><strong>11 de setembro, domingo<\/strong><\/p>\n<p><!-- \/wp:paragraph --><\/p>\n<p><!-- wp:paragraph --><\/p>\n<p>Palco Mundo: Dua Lipa, Megan Thee Stallion, Rita Ora e Ivete Sangalo<\/p>\n<p><!-- \/wp:paragraph --><\/p>\n<p><!-- wp:paragraph --><\/p>\n<p>Palco Sunset: Ludmilla, Macy Gray, Power! Elza Vive, um show em homenagem a Elza Soares, Liniker convida Luedji Luna<\/p>\n<p><!-- \/wp:paragraph --><\/p>\n<p><!-- wp:image {\"align\":\"center\",\"id\":37818,\"sizeSlug\":\"full\",\"linkDestination\":\"none\"} --><\/p>\n<figure class=\"wp-block-image aligncenter size-full\"><img loading=\"lazy\" width=\"512\" height=\"384\" class=\"wp-image-37818\" src=\"https:\/\/www.cvc.com.br\/dicas-de-viagem\/wp-content\/uploads\/2022\/07\/atracoes-do-rock-in-rio-musico.jpg\" alt=\"\" srcset=\"https:\/\/www.cvc.com.br\/dicas-de-viagem\/wp-content\/uploads\/2022\/07\/atracoes-do-rock-in-rio-musico.jpg 512w, https:\/\/www.cvc.com.br\/dicas-de-viagem\/wp-content\/uploads\/2022\/07\/atracoes-do-rock-in-rio-musico-300x225.jpg 300w\" sizes=\"(max-width: 512px) 100vw, 512px\" \/>\n<p>\u00a0<\/p>\n<figcaption>Al\u00e9m das apresenta\u00e7\u00f5es de banda como Iron Maiden, Guns n\u2019Roses, Justin Bieber e Coldplay, h\u00e1 sempre brinquedos, como montanha-russa, para garantir a divers\u00e3o no intervalo dos shows do Rock in Rio<\/figcaption>\n<\/figure>\n<p><!-- \/wp:image --><\/p>\n<p><!-- wp:paragraph --><\/p>\n<p>Preparado? Aqui na CVC montamos pacotes especiais para voc\u00ea viajar at\u00e9 o Rio de Janeiro com toda assist\u00eancia e aprveitar o festival tranquilo! Aproveite o dia do Rock e v\u00e1 para o Rock in Rio 2026 com a CVC: <a title=\"\" href=\"https:\/\/www.cvc.com.br\/lp\/promocoes\">os pacotes incluem transfer direto para a Cidade do Rock!<\/a><\/p>\n<p><!-- \/wp:paragraph --><\/p>\t\t\t\t\t<\/div>\n\t\t\t\t\t\t<\/div>\n\t\t\t\t<\/div>\n\t\t\t\t\t\t<\/div>\n\t\t\t\t\t<\/div>\n\t\t<\/div>\n\t\t\t\t\t\t\t\t<\/div>\n\t\t\t\t\t<\/div>\n\t\t<\/section>\n\t\t\t\t\t\t\t\t\t<\/div>\n\t\t\t<\/div>\n\t\t\t\t\t<\/div>\n\t\t","protected":false},"excerpt":{"rendered":"<p>Voc\u00ea sabia que dia 13 de julho \u00e9 o Dia Mundial do Rock? A data foi criada para lembrar o gigante festival Live Aid, que aconteceu em Londres (Inglaterra) e na Filad\u00e9lfia (EUA) em 13 de julho de 1985, com o objetivo de angariar fundos para acabar com a fome na Eti\u00f3pia. Queen, U2, David [&hellip;]<\/p>\n","protected":false},"author":24,"featured_media":37819,"comment_status":"closed","ping_status":"closed","sticky":false,"template":"","format":"standard","meta":{"om_disable_all_campaigns":false,"_mi_skip_tracking":false,"_monsterinsights_sitenote_active":false,"_monsterinsights_sitenote_note":"","_monsterinsights_sitenote_category":0},"categories":[15],"tags":[2114,780,1143,48,1305,1103],"_links":{"self":[{"href":"https:\/\/www.cvc.com.br\/dicas-de-viagem\/wp-json\/wp\/v2\/posts\/37814"}],"collection":[{"href":"https:\/\/www.cvc.com.br\/dicas-de-viagem\/wp-json\/wp\/v2\/posts"}],"about":[{"href":"https:\/\/www.cvc.com.br\/dicas-de-viagem\/wp-json\/wp\/v2\/types\/post"}],"author":[{"embeddable":true,"href":"https:\/\/www.cvc.com.br\/dicas-de-viagem\/wp-json\/wp\/v2\/users\/24"}],"replies":[{"embeddable":true,"href":"https:\/\/www.cvc.com.br\/dicas-de-viagem\/wp-json\/wp\/v2\/comments?post=37814"}],"version-history":[{"count":12,"href":"https:\/\/www.cvc.com.br\/dicas-de-viagem\/wp-json\/wp\/v2\/posts\/37814\/revisions"}],"predecessor-version":[{"id":45353,"href":"https:\/\/www.cvc.com.br\/dicas-de-viagem\/wp-json\/wp\/v2\/posts\/37814\/revisions\/45353"}],"wp:featuredmedia":[{"embeddable":true,"href":"https:\/\/www.cvc.com.br\/dicas-de-viagem\/wp-json\/wp\/v2\/media\/37819"}],"wp:attachment":[{"href":"https:\/\/www.cvc.com.br\/dicas-de-viagem\/wp-json\/wp\/v2\/media?parent=37814"}],"wp:term":[{"taxonomy":"category","embeddable":true,"href":"https:\/\/www.cvc.com.br\/dicas-de-viagem\/wp-json\/wp\/v2\/categories?post=37814"},{"taxonomy":"post_tag","embeddable":true,"href":"https:\/\/www.cvc.com.br\/dicas-de-viagem\/wp-json\/wp\/v2\/tags?post=37814"}],"curies":[{"name":"wp","href":"https:\/\/api.w.org\/{rel}","templated":true}]}}