{"id":38762,"date":"2022-12-05T15:17:00","date_gmt":"2022-12-05T18:17:00","guid":{"rendered":"https:\/\/dicas.services.cvc.com.br\/?p=38762"},"modified":"2022-12-07T19:00:10","modified_gmt":"2022-12-07T22:00:10","slug":"conheca-3-destinos-pelo-brasil-com-atracoes-acessiveis-para-pcd","status":"publish","type":"post","link":"https:\/\/www.cvc.com.br\/dicas-de-viagem\/brasil\/conheca-3-destinos-pelo-brasil-com-atracoes-acessiveis-para-pcd\/","title":{"rendered":"Conhe\u00e7a 3 destinos pelo Brasil com atra\u00e7\u00f5es acess\u00edveis para PcD"},"content":{"rendered":"\t\t<div data-elementor-type=\"wp-post\" data-elementor-id=\"38762\" class=\"elementor elementor-38762\">\n\t\t\t\t\t\t<div class=\"elementor-inner\">\n\t\t\t\t<div class=\"elementor-section-wrap\">\n\t\t\t\t\t\t\t\t\t<section class=\"elementor-section elementor-top-section elementor-element elementor-element-bcecda7 elementor-section-boxed elementor-section-height-default elementor-section-height-default\" data-id=\"bcecda7\" data-element_type=\"section\" data-settings=\"{&quot;jet_parallax_layout_list&quot;:[]}\">\n\t\t\t\t\t\t<div class=\"elementor-container elementor-column-gap-default\">\n\t\t\t\t\t\t\t<div class=\"elementor-row\">\n\t\t\t\t\t<div class=\"elementor-column elementor-col-100 elementor-top-column elementor-element elementor-element-14be2a7\" data-id=\"14be2a7\" data-element_type=\"column\">\n\t\t\t<div class=\"elementor-column-wrap elementor-element-populated\">\n\t\t\t\t\t\t\t<div class=\"elementor-widget-wrap\">\n\t\t\t\t\t\t<div class=\"elementor-element elementor-element-33d84e9 elementor-widget elementor-widget-text-editor\" data-id=\"33d84e9\" data-element_type=\"widget\" data-widget_type=\"text-editor.default\">\n\t\t\t\t<div class=\"elementor-widget-container\">\n\t\t\t\t\t\t\t\t<div class=\"elementor-text-editor elementor-clearfix\">\n\t\t\t\t<p>O Dia Nacional da Acessibilidade \u00e9 celebrado em 5 de dezembro para alertar a sociedade para a quest\u00e3o da acessibilidade como um direito de todos, independentemente da condi\u00e7\u00e3o f\u00edsica, sensorial ou intelectual. \u00c9 um chamado para a remo\u00e7\u00e3o de barreiras para construirmos uma sociedade mais inclusiva, solid\u00e1ria e igualit\u00e1ria.<\/p><p>No turismo, sabemos que o caminho ainda \u00e9 longo nesse sentido, mas na \u00faltima d\u00e9cada t\u00eam surgido mais iniciativas em atra\u00e7\u00f5es e hot\u00e9is com estrutura adaptada e funcion\u00e1rios preparados para receber pessoas com defici\u00eancia e\/ou necessidades especiais (idosos, gestantes, etc).<\/p><p>Aqui, escolhemos tr\u00eas destinos muito amados pelos clientes CVC pelo Brasil que se destacam por suas atra\u00e7\u00f5es acess\u00edveis.<\/p>\t\t\t\t\t<\/div>\n\t\t\t\t\t\t<\/div>\n\t\t\t\t<\/div>\n\t\t\t\t\t\t<\/div>\n\t\t\t\t\t<\/div>\n\t\t<\/div>\n\t\t\t\t\t\t\t\t<\/div>\n\t\t\t\t\t<\/div>\n\t\t<\/section>\n\t\t\t\t<section class=\"elementor-section elementor-top-section elementor-element elementor-element-45cce29 elementor-section-boxed elementor-section-height-default elementor-section-height-default\" data-id=\"45cce29\" data-element_type=\"section\" data-settings=\"{&quot;jet_parallax_layout_list&quot;:[]}\">\n\t\t\t\t\t\t<div class=\"elementor-container elementor-column-gap-default\">\n\t\t\t\t\t\t\t<div class=\"elementor-row\">\n\t\t\t\t\t<div class=\"elementor-column elementor-col-100 elementor-top-column elementor-element elementor-element-62e4c83\" data-id=\"62e4c83\" data-element_type=\"column\">\n\t\t\t<div class=\"elementor-column-wrap elementor-element-populated\">\n\t\t\t\t\t\t\t<div class=\"elementor-widget-wrap\">\n\t\t\t\t\t\t<div class=\"elementor-element elementor-element-006812a elementor-widget elementor-widget-image\" data-id=\"006812a\" data-element_type=\"widget\" data-widget_type=\"image.default\">\n\t\t\t\t<div class=\"elementor-widget-container\">\n\t\t\t\t\t\t\t\t<div class=\"elementor-image\">\n\t\t\t\t\t\t\t\t\t\t\t\t<img width=\"800\" height=\"500\" src=\"https:\/\/www.cvc.com.br\/dicas-de-viagem\/wp-content\/uploads\/2022\/12\/viagem-acessivel-cvc.jpg\" class=\"attachment-large size-large\" alt=\"\" loading=\"lazy\" srcset=\"https:\/\/www.cvc.com.br\/dicas-de-viagem\/wp-content\/uploads\/2022\/12\/viagem-acessivel-cvc.jpg 800w, https:\/\/www.cvc.com.br\/dicas-de-viagem\/wp-content\/uploads\/2022\/12\/viagem-acessivel-cvc-300x188.jpg 300w, https:\/\/www.cvc.com.br\/dicas-de-viagem\/wp-content\/uploads\/2022\/12\/viagem-acessivel-cvc-768x480.jpg 768w, https:\/\/www.cvc.com.br\/dicas-de-viagem\/wp-content\/uploads\/2022\/12\/viagem-acessivel-cvc-600x375.jpg 600w\" sizes=\"(max-width: 800px) 100vw, 800px\" \/>\t\t\t\t\t\t\t\t\t\t\t\t\t\t<\/div>\n\t\t\t\t\t\t<\/div>\n\t\t\t\t<\/div>\n\t\t\t\t\t\t<\/div>\n\t\t\t\t\t<\/div>\n\t\t<\/div>\n\t\t\t\t\t\t\t\t<\/div>\n\t\t\t\t\t<\/div>\n\t\t<\/section>\n\t\t\t\t<section class=\"elementor-section elementor-top-section elementor-element elementor-element-6da3df1 elementor-section-boxed elementor-section-height-default elementor-section-height-default\" data-id=\"6da3df1\" data-element_type=\"section\" data-settings=\"{&quot;jet_parallax_layout_list&quot;:[]}\">\n\t\t\t\t\t\t<div class=\"elementor-container elementor-column-gap-default\">\n\t\t\t\t\t\t\t<div class=\"elementor-row\">\n\t\t\t\t\t<div class=\"elementor-column elementor-col-100 elementor-top-column elementor-element elementor-element-ed8c323\" data-id=\"ed8c323\" data-element_type=\"column\">\n\t\t\t<div class=\"elementor-column-wrap elementor-element-populated\">\n\t\t\t\t\t\t\t<div class=\"elementor-widget-wrap\">\n\t\t\t\t\t\t<div class=\"elementor-element elementor-element-09f4242 elementor-widget elementor-widget-heading\" data-id=\"09f4242\" data-element_type=\"widget\" data-widget_type=\"heading.default\">\n\t\t\t\t<div class=\"elementor-widget-container\">\n\t\t\t<h2 class=\"elementor-heading-title elementor-size-default\">Balne\u00e1rio Cambori\u00fa<\/h2>\t\t<\/div>\n\t\t\t\t<\/div>\n\t\t\t\t\t\t<\/div>\n\t\t\t\t\t<\/div>\n\t\t<\/div>\n\t\t\t\t\t\t\t\t<\/div>\n\t\t\t\t\t<\/div>\n\t\t<\/section>\n\t\t\t\t<section class=\"elementor-section elementor-top-section elementor-element elementor-element-b1ff0c1 elementor-section-boxed elementor-section-height-default elementor-section-height-default\" data-id=\"b1ff0c1\" data-element_type=\"section\" data-settings=\"{&quot;jet_parallax_layout_list&quot;:[]}\">\n\t\t\t\t\t\t<div class=\"elementor-container elementor-column-gap-default\">\n\t\t\t\t\t\t\t<div class=\"elementor-row\">\n\t\t\t\t\t<div class=\"elementor-column elementor-col-100 elementor-top-column elementor-element elementor-element-0f56981\" data-id=\"0f56981\" data-element_type=\"column\">\n\t\t\t<div class=\"elementor-column-wrap elementor-element-populated\">\n\t\t\t\t\t\t\t<div class=\"elementor-widget-wrap\">\n\t\t\t\t\t\t<div class=\"elementor-element elementor-element-ac74eec elementor-widget elementor-widget-text-editor\" data-id=\"ac74eec\" data-element_type=\"widget\" data-widget_type=\"text-editor.default\">\n\t\t\t\t<div class=\"elementor-widget-container\">\n\t\t\t\t\t\t\t\t<div class=\"elementor-text-editor elementor-clearfix\">\n\t\t\t\t<p><span style=\"font-weight: 400;\">O Parque Unipraias, uma das principais atra\u00e7\u00f5es da cidade, \u00e9 um complexo de bondinhos que liga o lado sul da orla de Balne\u00e1rio ao Morro da Aguada e \u00e0 praia de Laranjeiras. Todos os bondinhos s\u00e3o 100% adaptados, e h\u00e1 elevadores e rampas nas esta\u00e7\u00f5es e vagas exclusivas no estacionamento da Barra Sul. Al\u00e9m disso, Balne\u00e1rio conta com tr\u00eas praias (Estaleiro, Estaleirinho e Taquaras) com o selo Bandeira Azul, certifica\u00e7\u00e3o internacional que, entre muitos crit\u00e9rios, inclui vagas reservadas para o uso de pessoas com defici\u00eancia e passarelas de acesso na areia.<\/span><\/p>\t\t\t\t\t<\/div>\n\t\t\t\t\t\t<\/div>\n\t\t\t\t<\/div>\n\t\t\t\t\t\t<\/div>\n\t\t\t\t\t<\/div>\n\t\t<\/div>\n\t\t\t\t\t\t\t\t<\/div>\n\t\t\t\t\t<\/div>\n\t\t<\/section>\n\t\t\t\t<section class=\"elementor-section elementor-top-section elementor-element elementor-element-fcc9973 elementor-section-boxed elementor-section-height-default elementor-section-height-default\" data-id=\"fcc9973\" data-element_type=\"section\" data-settings=\"{&quot;jet_parallax_layout_list&quot;:[]}\">\n\t\t\t\t\t\t<div class=\"elementor-container elementor-column-gap-default\">\n\t\t\t\t\t\t\t<div class=\"elementor-row\">\n\t\t\t\t\t<div class=\"elementor-column elementor-col-100 elementor-top-column elementor-element elementor-element-2212c37\" data-id=\"2212c37\" data-element_type=\"column\">\n\t\t\t<div class=\"elementor-column-wrap elementor-element-populated\">\n\t\t\t\t\t\t\t<div class=\"elementor-widget-wrap\">\n\t\t\t\t\t\t<div class=\"elementor-element elementor-element-ab6597e elementor-widget elementor-widget-heading\" data-id=\"ab6597e\" data-element_type=\"widget\" data-widget_type=\"heading.default\">\n\t\t\t\t<div class=\"elementor-widget-container\">\n\t\t\t<h2 class=\"elementor-heading-title elementor-size-default\">Porto de Galinhas<\/h2>\t\t<\/div>\n\t\t\t\t<\/div>\n\t\t\t\t\t\t<\/div>\n\t\t\t\t\t<\/div>\n\t\t<\/div>\n\t\t\t\t\t\t\t\t<\/div>\n\t\t\t\t\t<\/div>\n\t\t<\/section>\n\t\t\t\t<section class=\"elementor-section elementor-top-section elementor-element elementor-element-20fe659 elementor-section-boxed elementor-section-height-default elementor-section-height-default\" data-id=\"20fe659\" data-element_type=\"section\" data-settings=\"{&quot;jet_parallax_layout_list&quot;:[]}\">\n\t\t\t\t\t\t<div class=\"elementor-container elementor-column-gap-default\">\n\t\t\t\t\t\t\t<div class=\"elementor-row\">\n\t\t\t\t\t<div class=\"elementor-column elementor-col-100 elementor-top-column elementor-element elementor-element-04503b0\" data-id=\"04503b0\" data-element_type=\"column\">\n\t\t\t<div class=\"elementor-column-wrap elementor-element-populated\">\n\t\t\t\t\t\t\t<div class=\"elementor-widget-wrap\">\n\t\t\t\t\t\t<div class=\"elementor-element elementor-element-2d84d0d elementor-widget elementor-widget-text-editor\" data-id=\"2d84d0d\" data-element_type=\"widget\" data-widget_type=\"text-editor.default\">\n\t\t\t\t<div class=\"elementor-widget-container\">\n\t\t\t\t\t\t\t\t<div class=\"elementor-text-editor elementor-clearfix\">\n\t\t\t\t<p><span id=\"docs-internal-guid-b20aea62-7fff-9a5f-1fb5-b084c6e4a75f\"><span style=\"font-size: 11pt; font-family: Arial; color: #000000; background-color: transparent; font-variant-numeric: normal; font-variant-east-asian: normal; vertical-align: baseline; white-space: pre-wrap;\">A praia principal da vila \u00e9 conhecida pelo incr\u00edvel projeto Praia Sem Barreiras, atrelado \u00e0 ONG Rodas da Liberdade. Al\u00e9m das rampas de acesso na areia, a equipe oferece banho de mar assistido e passeio de jangada \u00e0s pessoas com defici\u00eancia, com monitores e jangadeiros treinados. Muitos hot\u00e9is da regi\u00e3o tamb\u00e9m tem boa estrutura de acessibilidade, como o <\/span><a href=\"https:\/\/www.cvc.com.br\/hotel\/detail\/porto-de-galinhas-pe-brasil\/viva-porto-de-galinhas-resort?CheckIn=2023-03-01&amp;CheckOut=2023-03-05&amp;Location=Porto%20de%20Galinhas%20-%20PE%20,%20Brasil&amp;ZoneId=5648&amp;HotelId=591077&amp;Rooms=1&amp;Adults=2&amp;Children=0&amp;ChildAges=;&amp;Latitude=-8.4656141&amp;Longitude=-34.994586217&amp;City=Porto%20De%20Galinhas&amp;State=Pernambuco&amp;Country=Brasil&amp;Hotel=Viv%C3%A1%20Porto%20De%20Galinhas%20Resort\"><span style=\"font-size: 11pt; font-family: Arial; color: #1155cc; background-color: transparent; font-variant-numeric: normal; font-variant-east-asian: normal; text-decoration-line: underline; text-decoration-skip-ink: none; vertical-align: baseline; white-space: pre-wrap;\">Viv\u00e1 Porto De Galinhas Resort<\/span><\/a><span style=\"font-size: 11pt; font-family: Arial; color: #000000; background-color: transparent; font-variant-numeric: normal; font-variant-east-asian: normal; vertical-align: baseline; white-space: pre-wrap;\">, o <\/span><a href=\"https:\/\/www.cvc.com.br\/hotel\/detail\/porto-de-galinhas-pe-brasil\/hotel-solar-porto-de-galinhas?CheckIn=2023-03-01&amp;CheckOut=2023-03-07&amp;Location=Porto%20de%20Galinhas%20-%20PE%20,%20Brasil&amp;ZoneId=5648&amp;HotelId=591685&amp;Rooms=1&amp;Adults=2&amp;Children=0&amp;ChildAges=;&amp;Latitude=-8.4811076&amp;Longitude=-35.000279817&amp;City=Porto%20De%20Galinhas&amp;State=Pernambuco&amp;Country=Brasil&amp;Hotel=Hotel%20Solar%20Porto%20De%20Galinhas\"><span style=\"font-size: 11pt; font-family: Arial; color: #1155cc; background-color: transparent; font-variant-numeric: normal; font-variant-east-asian: normal; text-decoration-line: underline; text-decoration-skip-ink: none; vertical-align: baseline; white-space: pre-wrap;\">Solar Porto De Galinhas<\/span><\/a><span style=\"font-size: 11pt; font-family: Arial; color: #000000; background-color: transparent; font-variant-numeric: normal; font-variant-east-asian: normal; vertical-align: baseline; white-space: pre-wrap;\"> e o <\/span><a href=\"https:\/\/www.cvc.com.br\/hotel\/detail\/porto-de-galinhas-pe-brasil\/hotel-village-porto-de-galinhas?CheckIn=2022-12-02&amp;CheckOut=2022-12-06&amp;Location=Porto%20de%20Galinhas%20-%20PE%20,%20Brasil&amp;ZoneId=5648&amp;HotelId=384122&amp;Rooms=1&amp;Adults=2&amp;Children=0&amp;ChildAges=;&amp;Latitude=-8.4673834&amp;Longitude=-34.9948838&amp;City=Porto%20De%20Galinhas&amp;State=Pernambuco&amp;Country=Brasil&amp;Hotel=Hotel%20Village%20Porto%20De%20Galinhas\"><span style=\"font-size: 11pt; font-family: Arial; color: #1155cc; background-color: transparent; font-variant-numeric: normal; font-variant-east-asian: normal; text-decoration-line: underline; text-decoration-skip-ink: none; vertical-align: baseline; white-space: pre-wrap;\">Hotel Village Porto De Galinhas<\/span><\/a><span style=\"font-size: 11pt; font-family: Arial; color: #000000; background-color: transparent; font-variant-numeric: normal; font-variant-east-asian: normal; vertical-align: baseline; white-space: pre-wrap;\">.<\/span><\/span><\/p>\t\t\t\t\t<\/div>\n\t\t\t\t\t\t<\/div>\n\t\t\t\t<\/div>\n\t\t\t\t\t\t<\/div>\n\t\t\t\t\t<\/div>\n\t\t<\/div>\n\t\t\t\t\t\t\t\t<\/div>\n\t\t\t\t\t<\/div>\n\t\t<\/section>\n\t\t\t\t<section class=\"elementor-section elementor-top-section elementor-element elementor-element-ce80f29 elementor-section-boxed elementor-section-height-default elementor-section-height-default\" data-id=\"ce80f29\" data-element_type=\"section\" data-settings=\"{&quot;jet_parallax_layout_list&quot;:[]}\">\n\t\t\t\t\t\t<div class=\"elementor-container elementor-column-gap-default\">\n\t\t\t\t\t\t\t<div class=\"elementor-row\">\n\t\t\t\t\t<div class=\"elementor-column elementor-col-100 elementor-top-column elementor-element elementor-element-ff6f8b3\" data-id=\"ff6f8b3\" data-element_type=\"column\">\n\t\t\t<div class=\"elementor-column-wrap elementor-element-populated\">\n\t\t\t\t\t\t\t<div class=\"elementor-widget-wrap\">\n\t\t\t\t\t\t<div class=\"elementor-element elementor-element-3f5e10f elementor-widget elementor-widget-heading\" data-id=\"3f5e10f\" data-element_type=\"widget\" data-widget_type=\"heading.default\">\n\t\t\t\t<div class=\"elementor-widget-container\">\n\t\t\t<h2 class=\"elementor-heading-title elementor-size-default\">Bonito<\/h2>\t\t<\/div>\n\t\t\t\t<\/div>\n\t\t\t\t\t\t<\/div>\n\t\t\t\t\t<\/div>\n\t\t<\/div>\n\t\t\t\t\t\t\t\t<\/div>\n\t\t\t\t\t<\/div>\n\t\t<\/section>\n\t\t\t\t<section class=\"elementor-section elementor-top-section elementor-element elementor-element-582ece4 elementor-section-boxed elementor-section-height-default elementor-section-height-default\" data-id=\"582ece4\" data-element_type=\"section\" data-settings=\"{&quot;jet_parallax_layout_list&quot;:[]}\">\n\t\t\t\t\t\t<div class=\"elementor-container elementor-column-gap-default\">\n\t\t\t\t\t\t\t<div class=\"elementor-row\">\n\t\t\t\t\t<div class=\"elementor-column elementor-col-100 elementor-top-column elementor-element elementor-element-d0bda39\" data-id=\"d0bda39\" data-element_type=\"column\">\n\t\t\t<div class=\"elementor-column-wrap elementor-element-populated\">\n\t\t\t\t\t\t\t<div class=\"elementor-widget-wrap\">\n\t\t\t\t\t\t<div class=\"elementor-element elementor-element-1e52551 elementor-widget elementor-widget-text-editor\" data-id=\"1e52551\" data-element_type=\"widget\" data-widget_type=\"text-editor.default\">\n\t\t\t\t<div class=\"elementor-widget-container\">\n\t\t\t\t\t\t\t\t<div class=\"elementor-text-editor elementor-clearfix\">\n\t\t\t\t<p>Refer\u00eancia de ecoturismo no Brasil, Bonito tamb\u00e9m \u00e9 exemplo em rela\u00e7\u00e3o a atra\u00e7\u00f5es acess\u00edveis, principalmente para pessoas com mobilidade reduzida. No centrinho, cal\u00e7adas largas e guias rebaixadas facilitam o deslocamento. Al\u00e9m disso, v\u00e1rios passeios est\u00e3o preparados para PcD: no Abismo Anhumas, por exemplo, a cadeira de rodas e a pessoa podem descer de rapel junto a um instrutor; na Flutua\u00e7\u00e3o do Rio Sucuri, o visitante portador de defici\u00eancia \u00e9 sempre acompanhado de um guia pr\u00f3prio e um barco de apoio; na Nascente Azul, a pessoa faz o passeio em uma cadeira flutuante especial.<\/p>\t\t\t\t\t<\/div>\n\t\t\t\t\t\t<\/div>\n\t\t\t\t<\/div>\n\t\t\t\t\t\t<\/div>\n\t\t\t\t\t<\/div>\n\t\t<\/div>\n\t\t\t\t\t\t\t\t<\/div>\n\t\t\t\t\t<\/div>\n\t\t<\/section>\n\t\t\t\t\t\t\t\t\t<\/div>\n\t\t\t<\/div>\n\t\t\t\t\t<\/div>\n\t\t","protected":false},"excerpt":{"rendered":"<p>O Dia Nacional da Acessibilidade \u00e9 celebrado em 5 de dezembro para alertar a sociedade para a quest\u00e3o da acessibilidade como um direito de todos, independentemente da condi\u00e7\u00e3o f\u00edsica, sensorial ou intelectual. \u00c9 um chamado para a remo\u00e7\u00e3o de barreiras para construirmos uma sociedade mais inclusiva, solid\u00e1ria e igualit\u00e1ria. No turismo, sabemos que o caminho [&hellip;]<\/p>\n","protected":false},"author":24,"featured_media":38769,"comment_status":"closed","ping_status":"closed","sticky":false,"template":"","format":"standard","meta":{"om_disable_all_campaigns":false,"_mi_skip_tracking":false,"_monsterinsights_sitenote_active":false,"_monsterinsights_sitenote_note":"","_monsterinsights_sitenote_category":0},"categories":[2],"tags":[],"_links":{"self":[{"href":"https:\/\/www.cvc.com.br\/dicas-de-viagem\/wp-json\/wp\/v2\/posts\/38762"}],"collection":[{"href":"https:\/\/www.cvc.com.br\/dicas-de-viagem\/wp-json\/wp\/v2\/posts"}],"about":[{"href":"https:\/\/www.cvc.com.br\/dicas-de-viagem\/wp-json\/wp\/v2\/types\/post"}],"author":[{"embeddable":true,"href":"https:\/\/www.cvc.com.br\/dicas-de-viagem\/wp-json\/wp\/v2\/users\/24"}],"replies":[{"embeddable":true,"href":"https:\/\/www.cvc.com.br\/dicas-de-viagem\/wp-json\/wp\/v2\/comments?post=38762"}],"version-history":[{"count":4,"href":"https:\/\/www.cvc.com.br\/dicas-de-viagem\/wp-json\/wp\/v2\/posts\/38762\/revisions"}],"predecessor-version":[{"id":38768,"href":"https:\/\/www.cvc.com.br\/dicas-de-viagem\/wp-json\/wp\/v2\/posts\/38762\/revisions\/38768"}],"wp:featuredmedia":[{"embeddable":true,"href":"https:\/\/www.cvc.com.br\/dicas-de-viagem\/wp-json\/wp\/v2\/media\/38769"}],"wp:attachment":[{"href":"https:\/\/www.cvc.com.br\/dicas-de-viagem\/wp-json\/wp\/v2\/media?parent=38762"}],"wp:term":[{"taxonomy":"category","embeddable":true,"href":"https:\/\/www.cvc.com.br\/dicas-de-viagem\/wp-json\/wp\/v2\/categories?post=38762"},{"taxonomy":"post_tag","embeddable":true,"href":"https:\/\/www.cvc.com.br\/dicas-de-viagem\/wp-json\/wp\/v2\/tags?post=38762"}],"curies":[{"name":"wp","href":"https:\/\/api.w.org\/{rel}","templated":true}]}}